{"id":343,"date":"2021-02-06T14:37:15","date_gmt":"2021-02-06T13:37:15","guid":{"rendered":"https:\/\/www.naf.ch\/?p=343"},"modified":"2025-07-20T16:52:13","modified_gmt":"2025-07-20T14:52:13","slug":"ausstellung-november-2020","status":"publish","type":"post","link":"https:\/\/www.naf.ch\/index.php\/2021\/02\/06\/ausstellung-november-2020\/","title":{"rendered":"Ausstellung November 2020"},"content":{"rendered":"<p>Unter den gegebenen Corona-Umst\u00e4nden mit beschr\u00e4nkter Besucher-Zahl und Maskenpflicht konnte ich Ende November meine Ausstellung durchf\u00fchren. Zwei Wochenenden hintereinander durfte ich im Hanro-Areal einige Besucher begr\u00fcssen. Es war (wieder) ganz toll. Danke an alle G\u00e4ste und K\u00e4ufer und Helfer!<\/p>\n<div>    <\/div><style type=\"text\/css\" scoped>.rbs_gallery_69f380acadb9cSpinner{\r\n\t\t\t\tmargin: 50px auto;\r\n\t\t\t\twidth: 50px;\r\n\t\t\t\theight: 40px;\r\n\t\t\t\ttext-align: center;\r\n\t\t\t\tfont-size: 10px;\r\n\t\t\t}\r\n\t\t\t.rbs_gallery_69f380acadb9cSpinner > div{\r\n\t\t\t  background-color: #333;\r\n\t\t\t  height: 100%;\r\n\t\t\t  width: 6px;\r\n\t\t\t  display: inline-block;\r\n\t\t\t  -webkit-animation: rbs_gallery_69f380acadb9c-stretchdelay 1.2s infinite ease-in-out;\r\n\t\t\t  animation: rbs_gallery_69f380acadb9c-stretchdelay 1.2s infinite ease-in-out;\r\n\t\t\t}\r\n\t\t\t.rbs_gallery_69f380acadb9cSpinner .rbs_gallery_69f380acadb9cRect2 {\r\n\t\t\t  -webkit-animation-delay: -1.1s;\r\n\t\t\t  animation-delay: -1.1s;\r\n\t\t\t}\r\n\t\t\t.rbs_gallery_69f380acadb9cSpinner .rbs_gallery_69f380acadb9cRect3 {\r\n\t\t\t  -webkit-animation-delay: -1.0s;\r\n\t\t\t  animation-delay: -1.0s;\r\n\t\t\t}\r\n\t\t\t.rbs_gallery_69f380acadb9cSpinner .rbs_gallery_69f380acadb9cRect4 {\r\n\t\t\t  -webkit-animation-delay: -0.9s;\r\n\t\t\t  animation-delay: -0.9s;\r\n\t\t\t}\r\n\t\t\t.rbs_gallery_69f380acadb9cSpinner .rbs_gallery_69f380acadb9cRect5 {\r\n\t\t\t  -webkit-animation-delay: -0.8s;\r\n\t\t\t  animation-delay: -0.8s;\r\n\t\t\t}\r\n\t\t\t@-webkit-keyframes rbs_gallery_69f380acadb9c-stretchdelay {\r\n\t\t\t  0%, 40%, 100% { -webkit-transform: scaleY(0.4) }  \r\n\t\t\t  20% { -webkit-transform: scaleY(1.0) }\r\n\t\t\t}\r\n\t\t\t@keyframes rbs_gallery_69f380acadb9c-stretchdelay {\r\n\t\t\t  0%, 40%, 100% { \r\n\t\t\t    transform: scaleY(0.4);\r\n\t\t\t    -webkit-transform: scaleY(0.4);\r\n\t\t\t  }  20% { \r\n\t\t\t    transform: scaleY(1.0);\r\n\t\t\t    -webkit-transform: scaleY(1.0);\r\n\t\t\t  }\r\n\t\t\t}\r\n\t\t<\/style><div class=\"robo-gallery-wrap robo-gallery-wrap-id346 robo-gallery-\" ><div id=\"rbs_gallery_69f380acadb9c-block-loader\" class=\"rbs_gallery_69f380acadb9cSpinner\"><div class=\"rbs_gallery_69f380acadb9cRect1\"><\/div> <div class=\"rbs_gallery_69f380acadb9cRect2\"><\/div> <div class=\"rbs_gallery_69f380acadb9cRect3\"><\/div> <div class=\"rbs_gallery_69f380acadb9cRect4\"><\/div> <div class=\"rbs_gallery_69f380acadb9cRect5\"><\/div><\/div><div class=\"rbs_gallery_button  rbs_gallery_align_left\" id=\"rbs_gallery_69f380acadb9cfilter\" style=\" display: none;\" ><\/div><div id=\"robo_gallery_main_block_rbs_gallery_69f380acadb9c\" class=\"robogallery-gallery-346\" style=\"width:80%;  display: none;\"><div id=\"rbs_gallery_69f380acadb9c\" data-options=\"rbs_gallery_69f380acadb9c\" style=\"width:100%;\" class=\"robo_gallery  \"><div class=\"rbs-img  category346 \" ><div class=\"rbs-img-image   rbs-lightbox \" ><div class=\"rbs-img-thumbs\"  data-thumbnail=\"https:\/\/www.naf.ch\/wp-content\/uploads\/2021\/02\/B2020-go4urDream-100x100-236x300.jpeg\"  title=\"go4urDream\"  data-width=\"236\"  data-height=\"300\" ><\/div><div class=\"rbs-img-data-popup\"  data-popup=\"https:\/\/www.naf.ch\/wp-content\/uploads\/2021\/02\/B2020-go4urDream-100x100.jpeg\"  title=\"go4urDream\" ><\/div><div class=\"thumbnail-overlay\"><div class=\"rbsTitle \">go4urDream<\/div><div class=\"rbsIcons\"><i class=\"fa fa-search-plus rbsZoomIcon \" ><\/i><\/div><\/div><\/div><\/div><div class=\"rbs-img  category346 \" ><div class=\"rbs-img-image   rbs-lightbox \" ><div class=\"rbs-img-thumbs\"  data-thumbnail=\"https:\/\/www.naf.ch\/wp-content\/uploads\/2021\/02\/B2020-Enjoy-100x100_800px-241x300.jpg\"  title=\"Enjoy\"  data-width=\"241\"  data-height=\"300\" ><\/div><div class=\"rbs-img-data-popup\"  data-popup=\"https:\/\/www.naf.ch\/wp-content\/uploads\/2021\/02\/B2020-Enjoy-100x100_800px.jpg\"  title=\"Enjoy\" ><\/div><div class=\"thumbnail-overlay\"><div class=\"rbsTitle \">Enjoy<\/div><div class=\"rbsIcons\"><i class=\"fa fa-search-plus rbsZoomIcon \" ><\/i><\/div><\/div><\/div><\/div><div class=\"rbs-img  category346 \" ><div class=\"rbs-img-image   rbs-lightbox \" ><div class=\"rbs-img-thumbs\"  data-thumbnail=\"https:\/\/www.naf.ch\/wp-content\/uploads\/2021\/02\/B2020_Kraftvoll_1000px-300x300.jpg\"  title=\"Kraftvoll\"  data-width=\"300\"  data-height=\"300\" ><\/div><div class=\"rbs-img-data-popup\"  data-popup=\"https:\/\/www.naf.ch\/wp-content\/uploads\/2021\/02\/B2020_Kraftvoll_1000px.jpg\"  title=\"Kraftvoll\" ><\/div><div class=\"thumbnail-overlay\"><div class=\"rbsTitle \">Kraftvoll<\/div><div class=\"rbsIcons\"><i class=\"fa fa-search-plus rbsZoomIcon \" ><\/i><\/div><\/div><\/div><\/div><div class=\"rbs-img  category346 \" ><div class=\"rbs-img-image   rbs-lightbox \" ><div class=\"rbs-img-thumbs\"  data-thumbnail=\"https:\/\/www.naf.ch\/wp-content\/uploads\/2021\/02\/B2020_Metatron_1000px-300x300.jpg\"  title=\"Metatron\"  data-width=\"300\"  data-height=\"300\" ><\/div><div class=\"rbs-img-data-popup\"  data-popup=\"https:\/\/www.naf.ch\/wp-content\/uploads\/2021\/02\/B2020_Metatron_1000px.jpg\"  title=\"Metatron\" ><\/div><div class=\"thumbnail-overlay\"><div class=\"rbsTitle \">Metatron<\/div><div class=\"rbsIcons\"><i class=\"fa fa-search-plus rbsZoomIcon \" ><\/i><\/div><\/div><\/div><\/div><div class=\"rbs-img  category346 \" ><div class=\"rbs-img-image   rbs-lightbox \" ><div class=\"rbs-img-thumbs\"  data-thumbnail=\"https:\/\/www.naf.ch\/wp-content\/uploads\/2021\/02\/B2020_Gaia_800px-240x300.jpg\"  title=\"Gaia\"  data-width=\"240\"  data-height=\"300\" ><\/div><div class=\"rbs-img-data-popup\"  data-popup=\"https:\/\/www.naf.ch\/wp-content\/uploads\/2021\/02\/B2020_Gaia_800px.jpg\"  title=\"Gaia\" ><\/div><div class=\"thumbnail-overlay\"><div class=\"rbsTitle \">Gaia<\/div><div class=\"rbsIcons\"><i class=\"fa fa-search-plus rbsZoomIcon \" ><\/i><\/div><\/div><\/div><\/div><div class=\"rbs-img  category346 \" ><div class=\"rbs-img-image   rbs-lightbox \" ><div class=\"rbs-img-thumbs\"  data-thumbnail=\"https:\/\/www.naf.ch\/wp-content\/uploads\/2021\/02\/B2020_cielo_80x100cm_800px-240x300.jpg\"  title=\"Cielo\"  data-width=\"240\"  data-height=\"300\" ><\/div><div class=\"rbs-img-data-popup\"  data-popup=\"https:\/\/www.naf.ch\/wp-content\/uploads\/2021\/02\/B2020_cielo_80x100cm_800px.jpg\"  title=\"Cielo\" ><\/div><div class=\"thumbnail-overlay\"><div class=\"rbsTitle \">Cielo<\/div><div class=\"rbsIcons\"><i class=\"fa fa-search-plus rbsZoomIcon \" ><\/i><\/div><\/div><\/div><\/div><div class=\"rbs-img  category346 \" ><div class=\"rbs-img-image   rbs-lightbox \" ><div class=\"rbs-img-thumbs\"  data-thumbnail=\"https:\/\/www.naf.ch\/wp-content\/uploads\/2021\/02\/B2020_fuoco_80x100cm_800px-240x300.jpg\"  title=\"Fuoco\"  data-width=\"240\"  data-height=\"300\" ><\/div><div class=\"rbs-img-data-popup\"  data-popup=\"https:\/\/www.naf.ch\/wp-content\/uploads\/2021\/02\/B2020_fuoco_80x100cm_800px.jpg\"  title=\"Fuoco\" ><\/div><div class=\"thumbnail-overlay\"><div class=\"rbsTitle \">Fuoco<\/div><div class=\"rbsIcons\"><i class=\"fa fa-search-plus rbsZoomIcon \" ><\/i><\/div><\/div><\/div><\/div><div class=\"rbs-img  category346 \" ><div class=\"rbs-img-image   rbs-lightbox \" ><div class=\"rbs-img-thumbs\"  data-thumbnail=\"https:\/\/www.naf.ch\/wp-content\/uploads\/2018\/11\/2018_arbor_lime_600x600-300x300.jpg\"  title=\"Baum - Lemon - Zitrone\"  data-width=\"300\"  data-height=\"300\" ><\/div><div class=\"rbs-img-data-popup\"  data-popup=\"https:\/\/www.naf.ch\/wp-content\/uploads\/2018\/11\/2018_arbor_lime_600x600.jpg\"  title=\"Baum - Lemon - Zitrone\" ><\/div><div class=\"thumbnail-overlay\"><div class=\"rbsTitle \">Baum - Lemon - Zitrone<\/div><div class=\"rbsIcons\"><i class=\"fa fa-search-plus rbsZoomIcon \" ><\/i><\/div><\/div><\/div><\/div><div class=\"rbs-img  category346 \" ><div class=\"rbs-img-image   rbs-lightbox \" ><div class=\"rbs-img-thumbs\"  data-thumbnail=\"https:\/\/www.naf.ch\/wp-content\/uploads\/2018\/11\/2018_arbor_abies_600x600-300x300.jpg\"  title=\"Baum - Abies - Tanne\"  data-width=\"300\"  data-height=\"300\" ><\/div><div class=\"rbs-img-data-popup\"  data-popup=\"https:\/\/www.naf.ch\/wp-content\/uploads\/2018\/11\/2018_arbor_abies_600x600.jpg\"  title=\"Baum - Abies - Tanne\" ><\/div><div class=\"thumbnail-overlay\"><div class=\"rbsTitle \">Baum - Abies - Tanne<\/div><div class=\"rbsIcons\"><i class=\"fa fa-search-plus rbsZoomIcon \" ><\/i><\/div><\/div><\/div><\/div><div class=\"rbs-img  category346 \" ><div class=\"rbs-img-image   rbs-lightbox \" ><div class=\"rbs-img-thumbs\"  data-thumbnail=\"https:\/\/www.naf.ch\/wp-content\/uploads\/2018\/11\/2018_arbor_oliven_600x600-300x300.jpg\"  title=\"Baum - Olivenbaum\"  data-width=\"300\"  data-height=\"300\" ><\/div><div class=\"rbs-img-data-popup\"  data-popup=\"https:\/\/www.naf.ch\/wp-content\/uploads\/2018\/11\/2018_arbor_oliven_600x600.jpg\"  title=\"Baum - Olivenbaum\" ><\/div><div class=\"thumbnail-overlay\"><div class=\"rbsTitle \">Baum - Olivenbaum<\/div><div class=\"rbsIcons\"><i class=\"fa fa-search-plus rbsZoomIcon \" ><\/i><\/div><\/div><\/div><\/div><div class=\"rbs-img  category346 \" ><div class=\"rbs-img-image   rbs-lightbox \" ><div class=\"rbs-img-thumbs\"  data-thumbnail=\"https:\/\/www.naf.ch\/wp-content\/uploads\/2018\/11\/2018_Lebensfreude_600x600_72dpi-300x300.jpg\"  title=\"Lebensfreude\"  data-width=\"300\"  data-height=\"300\" ><\/div><div class=\"rbs-img-data-popup\"  data-popup=\"https:\/\/www.naf.ch\/wp-content\/uploads\/2018\/11\/2018_Lebensfreude_600x600_72dpi.jpg\"  title=\"Lebensfreude\" ><\/div><div class=\"thumbnail-overlay\"><div class=\"rbsTitle \">Lebensfreude<\/div><div class=\"rbsIcons\"><i class=\"fa fa-search-plus rbsZoomIcon \" ><\/i><\/div><\/div><\/div><\/div><div class=\"rbs-img  category346 \" ><div class=\"rbs-img-image   rbs-lightbox \" ><div class=\"rbs-img-thumbs\"  data-thumbnail=\"https:\/\/www.naf.ch\/wp-content\/uploads\/2018\/11\/2018_Leidenschaft_600x600-300x300.jpg\"  title=\"Leidenschaft\"  data-width=\"300\"  data-height=\"300\" ><\/div><div class=\"rbs-img-data-popup\"  data-popup=\"https:\/\/www.naf.ch\/wp-content\/uploads\/2018\/11\/2018_Leidenschaft_600x600.jpg\"  title=\"Leidenschaft\" ><\/div><div class=\"thumbnail-overlay\"><div class=\"rbsTitle \">Leidenschaft<\/div><div class=\"rbsIcons\"><i class=\"fa fa-search-plus rbsZoomIcon \" ><\/i><\/div><\/div><\/div><\/div><div class=\"rbs-img  category346 \" ><div class=\"rbs-img-image   rbs-lightbox \" ><div class=\"rbs-img-thumbs\"  data-thumbnail=\"https:\/\/www.naf.ch\/wp-content\/uploads\/2018\/11\/2018_pflanzen_enzian_600x600-300x300.jpg\"  title=\"Enzian\"  data-width=\"300\"  data-height=\"300\" ><\/div><div class=\"rbs-img-data-popup\"  data-popup=\"https:\/\/www.naf.ch\/wp-content\/uploads\/2018\/11\/2018_pflanzen_enzian_600x600.jpg\"  title=\"Enzian\" ><\/div><div class=\"thumbnail-overlay\"><div class=\"rbsTitle \">Enzian<\/div><div class=\"rbsIcons\"><i class=\"fa fa-search-plus rbsZoomIcon \" ><\/i><\/div><\/div><\/div><\/div><div class=\"rbs-img  category346 \" ><div class=\"rbs-img-image   rbs-lightbox \" ><div class=\"rbs-img-thumbs\"  data-thumbnail=\"https:\/\/www.naf.ch\/wp-content\/uploads\/2018\/11\/2018_pflanzen_ankebluemli_600x600-300x300.jpg\"  title=\"Ankebl\u00fcmli\"  data-width=\"300\"  data-height=\"300\" ><\/div><div class=\"rbs-img-data-popup\"  data-popup=\"https:\/\/www.naf.ch\/wp-content\/uploads\/2018\/11\/2018_pflanzen_ankebluemli_600x600.jpg\"  title=\"Ankebl\u00fcmli\" ><\/div><div class=\"thumbnail-overlay\"><div class=\"rbsTitle \">Ankebl\u00fcmli<\/div><div class=\"rbsIcons\"><i class=\"fa fa-search-plus rbsZoomIcon \" ><\/i><\/div><\/div><\/div><\/div><div class=\"rbs-img  category346 \" ><div class=\"rbs-img-image   rbs-lightbox \" ><div class=\"rbs-img-thumbs\"  data-thumbnail=\"https:\/\/www.naf.ch\/wp-content\/uploads\/2021\/02\/B2018_Sardegna_Alghero_1000px-300x300.jpg\"  title=\"Alghero - Sardegna\"  data-width=\"300\"  data-height=\"300\" ><\/div><div class=\"rbs-img-data-popup\"  data-popup=\"https:\/\/www.naf.ch\/wp-content\/uploads\/2021\/02\/B2018_Sardegna_Alghero_1000px.jpg\"  title=\"Alghero - Sardegna\" ><\/div><div class=\"thumbnail-overlay\"><div class=\"rbsTitle \">Alghero - Sardegna<\/div><div class=\"rbsIcons\"><i class=\"fa fa-search-plus rbsZoomIcon \" ><\/i><\/div><\/div><\/div><\/div><div class=\"rbs-img  category346 \" ><div class=\"rbs-img-image   rbs-lightbox \" ><div class=\"rbs-img-thumbs\"  data-thumbnail=\"https:\/\/www.naf.ch\/wp-content\/uploads\/2021\/02\/B2018_Sardegna_Bosa_1000px-300x300.jpg\"  title=\"Bosa - Sardegna\"  data-width=\"300\"  data-height=\"300\" ><\/div><div class=\"rbs-img-data-popup\"  data-popup=\"https:\/\/www.naf.ch\/wp-content\/uploads\/2021\/02\/B2018_Sardegna_Bosa_1000px.jpg\"  title=\"Bosa - Sardegna\" ><\/div><div class=\"thumbnail-overlay\"><div class=\"rbsTitle \">Bosa - Sardegna<\/div><div class=\"rbsIcons\"><i class=\"fa fa-search-plus rbsZoomIcon \" ><\/i><\/div><\/div><\/div><\/div><\/div><\/div><\/div><script>var rbs_gallery_69f380acadb9c = {\"version\":\"5.0.5\",\"id\":346,\"class\":\"id346\",\"roboGalleryDelay\":1000,\"mainContainer\":\"#robo_gallery_main_block_rbs_gallery_69f380acadb9c\",\"loadingContainer\":\"#rbs_gallery_69f380acadb9c-block-loader\",\"loadingContainerObj\":\"rbs_gallery_69f380acadb9c-block-loader\",\"columnWidth\":\"auto\",\"columns\":3,\"resolutions\":[{\"columnWidth\":\"auto\",\"columns\":3,\"maxWidth\":960},{\"columnWidth\":\"auto\",\"columns\":2,\"maxWidth\":650},{\"columnWidth\":\"auto\",\"columns\":1,\"maxWidth\":450}],\"lightboxOptions\":{\"gallery\":{\"enabled\":true,\"tCounter\":\"%curr% of %total%\"}},\"overlayEffect\":\"direction-aware-fade\",\"boxesToLoadStart\":12,\"boxesToLoad\":8,\"waitUntilThumbLoads\":1,\"LoadingWord\":\"Loading...\",\"loadMoreWord\":\"Load More\",\"noMoreEntriesWord\":\"No More Entries\",\"horizontalSpaceBetweenBoxes\":10,\"verticalSpaceBetweenBoxes\":10,\"lazyLoad\":1,\"wrapContainer\":\"#robo-gallery-wrap-rbs_gallery_69f380acadb9c\",\"filterContainer\":\"#rbs_gallery_69f380acadb9cfilter\",\"loadMoreClass\":\"button-border-caution \"};<\/script><div>    <\/div>\n","protected":false},"excerpt":{"rendered":"<p>Unter den gegebenen Corona-Umst\u00e4nden mit beschr\u00e4nkter Besucher-Zahl und Maskenpflicht konnte ich Ende November meine Ausstellung durchf\u00fchren. Zwei Wochenenden hintereinander durfte<\/p>\n<p><a href=\"https:\/\/www.naf.ch\/index.php\/2021\/02\/06\/ausstellung-november-2020\/\" class=\"more-link\">Continue reading<span class=\"screen-reader-text\">Ausstellung November 2020<\/span><\/a><\/p>\n","protected":false},"author":1,"featured_media":351,"comment_status":"closed","ping_status":"closed","sticky":false,"template":"","format":"standard","meta":{"footnotes":""},"categories":[1,3,8],"tags":[],"class_list":["post-343","post","type-post","status-publish","format-standard","has-post-thumbnail","hentry","category-acrylbilder","category-ausstellungen","category-meine-bilder"],"_links":{"self":[{"href":"https:\/\/www.naf.ch\/index.php\/wp-json\/wp\/v2\/posts\/343","targetHints":{"allow":["GET"]}}],"collection":[{"href":"https:\/\/www.naf.ch\/index.php\/wp-json\/wp\/v2\/posts"}],"about":[{"href":"https:\/\/www.naf.ch\/index.php\/wp-json\/wp\/v2\/types\/post"}],"author":[{"embeddable":true,"href":"https:\/\/www.naf.ch\/index.php\/wp-json\/wp\/v2\/users\/1"}],"replies":[{"embeddable":true,"href":"https:\/\/www.naf.ch\/index.php\/wp-json\/wp\/v2\/comments?post=343"}],"version-history":[{"count":4,"href":"https:\/\/www.naf.ch\/index.php\/wp-json\/wp\/v2\/posts\/343\/revisions"}],"predecessor-version":[{"id":361,"href":"https:\/\/www.naf.ch\/index.php\/wp-json\/wp\/v2\/posts\/343\/revisions\/361"}],"wp:featuredmedia":[{"embeddable":true,"href":"https:\/\/www.naf.ch\/index.php\/wp-json\/wp\/v2\/media\/351"}],"wp:attachment":[{"href":"https:\/\/www.naf.ch\/index.php\/wp-json\/wp\/v2\/media?parent=343"}],"wp:term":[{"taxonomy":"category","embeddable":true,"href":"https:\/\/www.naf.ch\/index.php\/wp-json\/wp\/v2\/categories?post=343"},{"taxonomy":"post_tag","embeddable":true,"href":"https:\/\/www.naf.ch\/index.php\/wp-json\/wp\/v2\/tags?post=343"}],"curies":[{"name":"wp","href":"https:\/\/api.w.org\/{rel}","templated":true}]}}